{"id":8894,"date":"2018-11-05T05:00:49","date_gmt":"2018-11-05T04:00:49","guid":{"rendered":"https:\/\/leben-fuehren.de\/?p=8894"},"modified":"2020-05-21T18:14:05","modified_gmt":"2020-05-21T16:14:05","slug":"team-ziele-challenge-2019","status":"publish","type":"post","link":"https:\/\/leben-fuehren.de\/r3\/team-ziele-challenge-2019\/","title":{"rendered":"214 Team Ziele Challenge 2019"},"content":{"rendered":"<p>Erinnern Sie sich an die Anfangszeit der IT? Da waren IT\u2019ler die schwarzen Magier. F\u00fcr alle anderen waren Computer, Programme und Netzwerke interessante, aber undurchsichtige Dinge. Das Problem mit der IT ist aber erst sp\u00e4ter aufgetaucht. Ich glaube, dass die IT ganz fr\u00fch verpennt hat, zu zeigen, warum sie das alles macht. Und der wichtigste Punkt daran ist, dass die IT immer h\u00e4ufiger kommuniziert hat: Wir kosten Geld. Gleichzeitig aber auch: Je verf\u00fcgbarer die IT sein soll, desto teurer wird sie.<\/p>\n<h2>Hier darf aber nichts kaputtgehen!<\/h2>\n<p>Viele IT-Abteilungen sind darauf aus, ihre IT zu bewahren. Das hei\u00dft, sie setzen alles daran, dass in der IT nichts kaputtgehen darf. Wenn Sie von Ihrer IT wollen, dass sie Verf\u00fcgbarkeiten erreicht, dann wird Ihre IT \u00fcberhaupt nichts Neues mehr an den Tag bringen. Die meisten Probleme entstehen in der IT, wenn Innovationen entwickelt werden. Wenn Sie ein System einfach laufenlassen, dann passiert meistens nichts. Sie verstehen, was ich meine: Wenn alles bleiben soll, wie es ist, dann kommen Sie nicht vorw\u00e4rts.<\/p>\n<h2>IT kann und sollte das zentrale Nervensystem sein<\/h2>\n<p>Ich denke, die IT muss sich mehr ins Unternehmen integrieren. Und vor allem auch mal auf Ihre Kunden achten. Und ja, die Leute, die an der Hotline anrufen, weil sie nicht mehr drucken k\u00f6nnen, sind die Kunden der IT. Die IT muss Geld ausgeben und noch mehr Mehrwert schaffen. Eben dieser Mehrwert, denn sollte die IT auch mal transparent machen. Ich bin der Meinung, dass die IT endlich aufh\u00f6ren sollte, sich von der Firma abzukapseln und stattdessen aktiv an der Zukunftsgestaltung mitwirken sollte.<\/p>\n<p>Ich w\u00fcnsche einen gro\u00dfartigen Mittwoch!<\/p>\n<p>Ihr OLAF KAPINSKI <i class=\"fa fa-smile-o\" aria-hidden=\"true\"><\/i><\/p>\n<h2 style=\"color: #1d1d1d; text-align: center;\">Team Ziele Challenge 2019<\/h2>\n<p>Um Ihnen bei der Umsetzung Ihrer Ziele zu helfen, gibt es auch dieses Jahr wieder die Team Ziele Challenge. Diese richtet sich an F\u00fchrungskr\u00e4fte, die mit Ihrer Mannschaft m\u00f6glichst effizient die gesetzten Ziele erreichen wollen.<\/p>\n<p>Gemeinsam werden Sie zun\u00e4chst sechs Wochen lang sechs Vorbereitungsaufgaben bearbeiten. In den letzten zwei Januar Wochen folgt dann die Team Ziele Challenge. Die Challenge geht insgesamt \u00fcber 2 Monate und beginnt am 3. Dezember. Als Resultat Ihrer Arbeit werden Sie am Ende Ihre ausformulierten und unterschriebenen Ziele in den H\u00e4nden halten, die sie so abgeben k\u00f6nnen.<\/p>\n<p>Diese hervorragende Gelegenheit biete ich Ihnen wie gewohnt KOSTENLOS an.<\/p>\n<div class=\"powerpress_player\" id=\"powerpress_player_7036\"><div class=\"fw-wrap-boxed-media fw-wp-audio-shortcode\"><audio class=\"wp-audio-shortcode\" id=\"audio-8894-1\" preload=\"none\" style=\"width: 100%;\" controls=\"controls\"><source type=\"audio\/mpeg\" src=\"https:\/\/leben-fuehren.de\/cast\/LF214.m4a?_=1\" \/><a href=\"https:\/\/leben-fuehren.de\/cast\/LF214.m4a\">https:\/\/leben-fuehren.de\/cast\/LF214.m4a<\/a><\/audio><\/div><\/div><p class=\"powerpress_links powerpress_links_m4a\" style=\"margin-bottom: 1px !important;\">Podcast: <a href=\"https:\/\/leben-fuehren.de\/cast\/LF214.m4a\" class=\"powerpress_link_pinw\" target=\"_blank\" title=\"Play in new window\" onclick=\"return powerpress_pinw('https:\/\/leben-fuehren.de\/r3\/?powerpress_pinw=8894-podcast');\" rel=\"nofollow\">Play in new window<\/a> | <a href=\"https:\/\/leben-fuehren.de\/cast\/LF214.m4a\" class=\"powerpress_link_d\" title=\"Download\" rel=\"nofollow\" download=\"LF214.m4a\">Download<\/a><\/p>","protected":false},"excerpt":{"rendered":"<p>Wie sich die Begriffe &#8220;Ziel&#8221;, &#8220;Plan&#8221; und &#8220;Vision&#8221; definieren und differenzieren lassen und wie Sie von diesj\u00e4hrigen Team Ziele Challenge profitieren k\u00f6nnen \u2013  darum geht es in Episode 214.<\/p>\n","protected":false},"author":2,"featured_media":9050,"comment_status":"closed","ping_status":"closed","sticky":false,"template":"","format":"standard","meta":{"footnotes":""},"categories":[4],"tags":[],"class_list":["post-8894","post","type-post","status-publish","format-standard","has-post-thumbnail","hentry","category-podcast"],"_links":{"self":[{"href":"https:\/\/leben-fuehren.de\/r3\/wp-json\/wp\/v2\/posts\/8894","targetHints":{"allow":["GET"]}}],"collection":[{"href":"https:\/\/leben-fuehren.de\/r3\/wp-json\/wp\/v2\/posts"}],"about":[{"href":"https:\/\/leben-fuehren.de\/r3\/wp-json\/wp\/v2\/types\/post"}],"author":[{"embeddable":true,"href":"https:\/\/leben-fuehren.de\/r3\/wp-json\/wp\/v2\/users\/2"}],"replies":[{"embeddable":true,"href":"https:\/\/leben-fuehren.de\/r3\/wp-json\/wp\/v2\/comments?post=8894"}],"version-history":[{"count":0,"href":"https:\/\/leben-fuehren.de\/r3\/wp-json\/wp\/v2\/posts\/8894\/revisions"}],"wp:featuredmedia":[{"embeddable":true,"href":"https:\/\/leben-fuehren.de\/r3\/wp-json\/wp\/v2\/media\/9050"}],"wp:attachment":[{"href":"https:\/\/leben-fuehren.de\/r3\/wp-json\/wp\/v2\/media?parent=8894"}],"wp:term":[{"taxonomy":"category","embeddable":true,"href":"https:\/\/leben-fuehren.de\/r3\/wp-json\/wp\/v2\/categories?post=8894"},{"taxonomy":"post_tag","embeddable":true,"href":"https:\/\/leben-fuehren.de\/r3\/wp-json\/wp\/v2\/tags?post=8894"}],"curies":[{"name":"wp","href":"https:\/\/api.w.org\/{rel}","templated":true}]}}