{"id":877,"date":"2015-02-09T01:00:56","date_gmt":"2015-02-09T00:00:56","guid":{"rendered":"http:\/\/leben-fuehren.de\/?p=877"},"modified":"2020-05-20T18:15:50","modified_gmt":"2020-05-20T16:15:50","slug":"was-ist-die-vision-ihres-lebens","status":"publish","type":"post","link":"https:\/\/leben-fuehren.de\/r3\/was-ist-die-vision-ihres-lebens\/","title":{"rendered":"19-Was ist die Vision Ihres Lebens?"},"content":{"rendered":"<p>Heute spanne ich aus gegebenem Anlass einmal den ganz gro\u00dfen Bogen und besch\u00e4ftige mich mit nichts geringerem als der Vision unseres Lebens.<br \/>\n<!--more--><br \/>\nVisionen sind die Tr\u00e4ume, die uns antreiben, aus unseren Visionen erwachsen die Motive, die uns bewegen. Ohne Motive und Ziele bewegen und entwickeln sich Menschen nicht. Daher spreche ich heute ein Wenig \u00fcber die Visionen f\u00fcr unser eigenes Leben. Wie w\u00e4re unser Leben ist richtig?<br \/>\nNach der Frage, woher wir unsere Lebens-Vision denn nun kriegen, gebe ich zwei Tipps, die uns bei der Erstellung helfen k\u00f6nnen:<br \/>\nDankbarkeit: Seien Sie dankbar f\u00fcr das was ihnen wiederf\u00e4hrt. Dankbarkeit fokussiert die eigene Wahrnehmung auf die sch\u00f6nen Dinge im Leben und es soll ja Spa\u00df machen.<br \/>\nAufschreiben: Nur wenn Sie ihre eigene Vision zu Papier bringen, aufmalen und aufschreiben, haben Sie eine echte Chance auf Erreichung. Solange Sie mit Ihren Vorstellungen im ungef\u00e4hren bleiben, wird sich kein Motiv einstellen, wird kein Antrieb erzeugt.<br \/>\nSeien Sie sich selber eine Vision f\u00fcr Ihr Leben wert und<\/p>\n<p>haben Sie eine vision\u00e4re Woche<br \/>\nIhr OLAF DAMMANN<\/p>\n<div class=\"powerpress_player\" id=\"powerpress_player_3258\"><div class=\"fw-wrap-boxed-media fw-wp-audio-shortcode\"><audio class=\"wp-audio-shortcode\" id=\"audio-877-1\" preload=\"none\" style=\"width: 100%;\" controls=\"controls\"><source type=\"audio\/mpeg\" src=\"https:\/\/leben-fuehren.de\/cast\/LF019.mp3?_=1\" \/><a href=\"https:\/\/leben-fuehren.de\/cast\/LF019.mp3\">https:\/\/leben-fuehren.de\/cast\/LF019.mp3<\/a><\/audio><\/div><\/div><p class=\"powerpress_links powerpress_links_mp3\" style=\"margin-bottom: 1px !important;\">Podcast: <a href=\"https:\/\/leben-fuehren.de\/cast\/LF019.mp3\" class=\"powerpress_link_pinw\" target=\"_blank\" title=\"Play in new window\" onclick=\"return powerpress_pinw('https:\/\/leben-fuehren.de\/r3\/?powerpress_pinw=877-podcast');\" rel=\"nofollow\">Play in new window<\/a> | <a href=\"https:\/\/leben-fuehren.de\/cast\/LF019.mp3\" class=\"powerpress_link_d\" title=\"Download\" rel=\"nofollow\" download=\"LF019.mp3\">Download<\/a><\/p>","protected":false},"excerpt":{"rendered":"<p>Die heutige Folge ist einigen lieben Menschen um mich herum gewidmet, die alle eines gemeinsam haben. Oder besser: Nicht haben. Eine Vision f\u00fcr ihre Leben, ein ganz gro\u00dfes Ziel.<br \/>\nEine Idee dessen, was wir hier auf diesem Leben in unserer Zeit erreichen wollen, ist ein m\u00e4chtiger Motor, der unser Leben in die richtige Richtung treibt. Daher eint die Menschen ohne eben diesen Motor, ohne eine gro\u00dfe Vision eines: Sie bewegen sich nicht (viel). Einig sind sich viele noch im Beklagen der aktuellen Umst\u00e4nde. Nur k\u00f6nnen sie mangels klarer Vorstellung dessen, was sie wirklich wollen, auch nicht sagen was sich denn wie \u00e4ndern soll.<br \/>\nIn der heutigen Episode m\u00f6chte ich meinen Beitrag dazu leisten, dass sich Menschen wieder mehr um ihre gro\u00dfen Ideen k\u00fcmmern, sich selber klarer werden, was die Vision ihres Lebens ist.<br \/>\nSeien Sie sich selber eine Vision f\u00fcr Ihr Leben wert und<br \/>\nhaben Sie eine vision\u00e4re Woche<br \/>\nIhr OLAF DAMMANN<\/p>\n","protected":false},"author":2,"featured_media":1076,"comment_status":"open","ping_status":"closed","sticky":false,"template":"","format":"standard","meta":{"footnotes":""},"categories":[4],"tags":[],"class_list":["post-877","post","type-post","status-publish","format-standard","has-post-thumbnail","hentry","category-podcast"],"_links":{"self":[{"href":"https:\/\/leben-fuehren.de\/r3\/wp-json\/wp\/v2\/posts\/877","targetHints":{"allow":["GET"]}}],"collection":[{"href":"https:\/\/leben-fuehren.de\/r3\/wp-json\/wp\/v2\/posts"}],"about":[{"href":"https:\/\/leben-fuehren.de\/r3\/wp-json\/wp\/v2\/types\/post"}],"author":[{"embeddable":true,"href":"https:\/\/leben-fuehren.de\/r3\/wp-json\/wp\/v2\/users\/2"}],"replies":[{"embeddable":true,"href":"https:\/\/leben-fuehren.de\/r3\/wp-json\/wp\/v2\/comments?post=877"}],"version-history":[{"count":0,"href":"https:\/\/leben-fuehren.de\/r3\/wp-json\/wp\/v2\/posts\/877\/revisions"}],"wp:featuredmedia":[{"embeddable":true,"href":"https:\/\/leben-fuehren.de\/r3\/wp-json\/wp\/v2\/media\/1076"}],"wp:attachment":[{"href":"https:\/\/leben-fuehren.de\/r3\/wp-json\/wp\/v2\/media?parent=877"}],"wp:term":[{"taxonomy":"category","embeddable":true,"href":"https:\/\/leben-fuehren.de\/r3\/wp-json\/wp\/v2\/categories?post=877"},{"taxonomy":"post_tag","embeddable":true,"href":"https:\/\/leben-fuehren.de\/r3\/wp-json\/wp\/v2\/tags?post=877"}],"curies":[{"name":"wp","href":"https:\/\/api.w.org\/{rel}","templated":true}]}}