{"id":4484,"date":"2017-07-27T05:00:34","date_gmt":"2017-07-27T03:00:34","guid":{"rendered":"https:\/\/leben-fuehren.de\/?p=4484"},"modified":"2018-10-18T08:42:05","modified_gmt":"2018-10-18T06:42:05","slug":"der-coole-chef","status":"publish","type":"post","link":"https:\/\/leben-fuehren.de\/r3\/der-coole-chef\/","title":{"rendered":"149 Der coole Chef"},"content":{"rendered":"<section class=\"fw-main-row  auto  fw-section-position-back\">\n<div class=\"fw-container\">\n<div class=\"fw-row\">\n<div id=\"column-5bc82b3d19b9c\" class=\"fw-col-sm-12 tf-sh-afb37c46580c230187bd36ff5c9b3ce9\">\n<div class=\"fw-wrap-col-inner clearfix  \">\n<div class=\"fw-col-inner\">\n<div class=\"fw-text-box tf-sh-ad728de63205215e8b91bd2df97f2bb0 \">\n<div class=\"fw-text-inner\">\n<p>Die heutige Episode ist Teil von <a href=\"https:\/\/www.gute-fuehrung-braucht-gespuer.de\/gfg090-blogparade-die-coole-fuehrungskraft\/\" target=\"_blank\" rel=\"noopener\">Thomas Reinings Blogparade\u00a0<\/a> &#8220;Die coole F\u00fchrungskraft\u201c. Ich stelle ihnen in dieser Episode einige meiner coolen Chefs vor! Willkommen zur 149!<\/p>\n<p>Doch bevor es los geht ein Tipp:<\/p>\n<\/p><\/div>\n<\/div><\/div>\n<\/p><\/div>\n<\/div>\n<\/div><\/div>\n<\/section>\n<section class=\"fw-main-row-custom  auto  fw-section-position-back tf-sh-9c66be113fc5312c58148f12f43f1e5f\">\n<div class=\"fw-container\" style=\"background-color:#202020\">\n<div class=\"fw-row\">\n<div id=\"column-5bc82b3d1a7d5\" class=\"fw-col-sm-12 tf-sh-64b09e9cbd39dbe4dd5324c2a9c79c7e\">\n<div class=\"fw-wrap-col-inner clearfix  \">\n<div class=\"fw-col-inner\">\n<div class=\"fw-text-box tf-sh-b1bc144653dff3c7ef87db9f8af669b3 \">\n<div class=\"fw-text-inner\">\n<h3 style=\"text-align: center\">Ich war bei J\u00f6rg Walter im Interview<\/h3>\n<\/p><\/div>\n<\/div><\/div>\n<\/p><\/div>\n<\/div>\n<\/div>\n<div class=\"fw-row\">\n<div id=\"column-5bc82b3d1aec0\" class=\"fw-col-sm-8 tf-sh-1c3d2449eb1c5e5d5f6a145b0f8850c7\">\n<div class=\"fw-wrap-col-inner clearfix  \">\n<div class=\"fw-col-inner\">\n<div class=\"fw-text-box tf-sh-48a7a2310ce431c91854fb20fb37a13d \">\n<div class=\"fw-text-inner\">\n<h4 style=\"text-align: center\">Wir haben uns \u00fcber Projektmanagement im Allgemeinen und den Aufgaben des Auftraggebers im Besonderen unterhalten.<\/h4>\n<h4 style=\"text-align: center\">Sind am Ende gleich zwei sehr h\u00f6renswerte Episoden geworden.<\/h4>\n<\/p><\/div>\n<\/div><\/div>\n<\/p><\/div>\n<\/div>\n<div id=\"column-5bc82b3d1b383\" class=\"fw-col-sm-4 tf-sh-79a7951215b9349b4cd0242712e8d20b\">\n<div class=\"fw-wrap-col-inner clearfix  \">\n<div class=\"fw-col-inner\">\n<div class=\"fw-divider-space space-sm  clearfix\"><\/div>\n<div class=\"text-center\">\t<a href=\"https:\/\/www.projektmanagement-maschinenbau.de\/experteninterview-mit-olaf-kapinski-welche-aufgabe-hat-eigentlich-ein-auftraggeber-teil-1\/\" target=\"_self\" class=\"fw-btn tf-sh-fc853de802396ee53a7c4a85975a8632  fw-btn-md   fw-btn-1\"><br \/>\n\t\t<span><br \/>\n\t\t\t<i class=\"pull-left-icon fa fa-external-link\" style=\"font-size:18px\"><\/i>Interview 1\/2\t\t<\/span><br \/>\n\t<\/a>\n<\/div>\n<div class=\"fw-divider-space space-sm  clearfix\"><\/div>\n<div class=\"text-center\">\t<a href=\"https:\/\/www.projektmanagement-maschinenbau.de\/experteninterview-mit-olaf-kapinski-welche-aufgabe-hat-eigentlich-ein-auftraggeber-teil-2\/\" target=\"_self\" class=\"fw-btn tf-sh-be312fdcb8c500733765a017064956a4  fw-btn-md   fw-btn-1\"><br \/>\n\t\t<span><br \/>\n\t\t\t<i class=\"pull-left-icon fa fa-external-link\" style=\"font-size:18px\"><\/i>Interview 2\/2\t\t<\/span><br \/>\n\t<\/a>\n<\/div>\n<\/p><\/div>\n<\/p><\/div>\n<\/div>\n<\/div><\/div>\n<\/section>\n<section class=\"fw-main-row  auto  fw-section-position-back\">\n<div class=\"fw-container\">\n<div class=\"fw-row\">\n<div id=\"column-5bc82b3d1c910\" class=\"fw-col-sm-6 tf-sh-50a68060f555cbc9532063cf963fbf79\">\n<div class=\"fw-wrap-col-inner clearfix  \">\n<div class=\"fw-col-inner\">\n<div class=\"fw-text-box tf-sh-78670eced1bc9f495a93fafa3c3ea3e3 \">\n<div class=\"fw-text-inner\">\n<p>Grundlage dieser Episode ist der Aufruf zu einer Blogparade: Blogger\/Podcaster geben ein Thema vor und laden andere Blogger\/Podcaster ein, zu dem Thema einen Beitrag zu leisten. Was kommt raus? Es gibt jede Menge Perpspektiven und Meinungen.&nbsp;Thomas Reining hat zur Blogparade \u201eDie coole F\u00fchrungskraft\u201c aufgerufen und dem schlie\u00dfe ich mich an. Und daher m\u00f6chte ich Ihnen heute meine pers\u00f6nlich coolsten F\u00fchrungskr\u00e4fte vorstellen.<\/p>\n<\/p><\/div>\n<\/div><\/div>\n<\/p><\/div>\n<\/div>\n<div id=\"column-5bc82b3d1cdfe\" class=\"fw-col-sm-6 tf-sh-4ea377ae7e15554133f998aa921b5d9e\">\n<div class=\"fw-wrap-col-inner clearfix  \">\n<div class=\"fw-col-inner\">\n<div class=\"fw-block-image-parent fw-overlay-1 fw-block-image-icon  \" style=\"width: 100%\">\n\t\t\t<a class=\"fw-block-image-child fw-noratio fw-ratio-container \" href=\"https:\/\/www.gute-fuehrung-braucht-gespuer.de\/gfg090-blogparade-die-coole-fuehrungskraft\/\" target=\"&#039;_blank&#039;\"><br \/>\n\t\t\t\t<img decoding=\"async\" src=\"https:\/\/leben-fuehren.de\/wp-content\/uploads\/LF149-Reining-1.jpg\" alt=\"Thomas Reining\" class=\"lazyload\" \/>\t\t\t\t                                    <\/p>\n<div class=\"fw-block-image-overlay\">\n<div class=\"fw-itable\">\n<div class=\"fw-icell\">\n                                <i class=\"fw-icon-link\"><\/i>\n                            <\/div>\n<\/p><\/div>\n<\/p><\/div>\n<p>                \t\t\t<\/a>\n\t\t<\/div>\n<\/p><\/div>\n<\/p><\/div>\n<\/div>\n<\/div>\n<div class=\"fw-row\">\n<div id=\"column-5bc82b3d1dee4\" class=\"fw-col-sm-12 tf-sh-9f5966ea21a8e98286249a6382f70a88\">\n<div class=\"fw-wrap-col-inner clearfix  \">\n<div class=\"fw-col-inner\">\n<div class=\"fw-text-box tf-sh-2868d29325126bf3541d7f51f88d6733 \">\n<div class=\"fw-text-inner\">\n<h3>1. Der coole Vorstand<\/h3>\n<p>Die Firma, in der ich zu der Zeit besch\u00e4ftigt war, hatte grade eine neue Telefonanlage bekommen. Irgendwann kam der Aufsichtsrat zu Besuch und wollte sich den Server-Raum ansehen. Da drin sah es allerdings &#8211; nunja &#8211; etwas wild aus, was dann letztlich zu Unmut bei einem der Aufsichtsr\u00e4te gef\u00fchrt hat. An ein sinnvolles Gespr\u00e4ch war \u00fcberhaupt nicht zu denken &#8211; da wollte jemand einfach nur Dampf ablassen. Das Ganze geschah im Beisein meines Vorstandes, der auch einen guten Teil von der Situation abgefangen haben. Was allerdings das Coolste war: Als der Aufsichtsrat weg war, kam der Vorstand zu mir. Die drei haben mich noch mal gest\u00e4rkt und mir erkl\u00e4rt, dass die gesamte Situation unangemessen war, dass aber deren Wertsch\u00e4tzung f\u00fcr meine Arbeit vorhanden ist. Sehr cool!<\/p>\n<h3>2. Der coole Kollege<\/h3>\n<p>Wenn man Thorstens Abteilung kritisiert hat oder auch einfach mal seinem Unmut freien Lauf lassen wollte, kam man nicht an Thorsten ran. Er hat sich das angeh\u00f6rt, seine Leute teilweise in Schutz genommen, ist aber letztlich nicht wirklich darauf eingegangen. Was sich aber sp\u00e4ter herausstellte: Thorsten hat \u00fcber die Gespr\u00e4che s\u00e4mtliche Infos abgefragt, um wirklich herauszubekommen, wo es klemmt. Anschlie\u00dfend hat er mit seinen Leuten geredet und falls wirklich was richtig daneben lief, musste der entsprechende Mitarbeiter in ein vier-Augen-Gespr\u00e4ch. Was ist cool daran? Thorsten hat sich vor seine Leute gestellt und keine schlechte Laune aufkommen lassen. Zus\u00e4tzlich war er immer bem\u00fcht, an den Problemkern vorzudringen.<\/p>\n<h3>H\u00f6ren Sie rein, meine ganz pers\u00f6nlichen Erfahrungen mit meinen eigenen, coolen Chefs und Kollegfen.<\/h3>\n<p>Beste Gr\u00fc\u00dfe!<\/p>\n<p>Ihr OLAF KAPINSKI <i class=\"fa fa-smile-o\"><\/i><\/p>\n<\/p><\/div>\n<\/div><\/div>\n<\/p><\/div>\n<\/div>\n<\/div><\/div>\n<\/section>\n<p><!-- 313cccc6d45b5054c49493094eb720ca --><\/p>\n<div class=\"powerpress_player\" id=\"powerpress_player_7980\"><div class=\"fw-wrap-boxed-media fw-wp-audio-shortcode\"><audio class=\"wp-audio-shortcode\" id=\"audio-4484-1\" preload=\"none\" style=\"width: 100%;\" controls=\"controls\"><source type=\"audio\/mpeg\" src=\"https:\/\/leben-fuehren.de\/cast\/LF149.mp3?_=1\" \/><a href=\"https:\/\/leben-fuehren.de\/cast\/LF149.mp3\">https:\/\/leben-fuehren.de\/cast\/LF149.mp3<\/a><\/audio><\/div><\/div><p class=\"powerpress_links powerpress_links_mp3\" style=\"margin-bottom: 1px !important;\">Podcast: <a href=\"https:\/\/leben-fuehren.de\/cast\/LF149.mp3\" class=\"powerpress_link_pinw\" target=\"_blank\" title=\"Play in new window\" onclick=\"return powerpress_pinw('https:\/\/leben-fuehren.de\/r3\/?powerpress_pinw=4484-podcast');\" rel=\"nofollow\">Play in new window<\/a> | <a href=\"https:\/\/leben-fuehren.de\/cast\/LF149.mp3\" class=\"powerpress_link_d\" title=\"Download\" rel=\"nofollow\" download=\"LF149.mp3\">Download<\/a><\/p>","protected":false},"excerpt":{"rendered":"<p>Die heutige Episode ist Teil von <a href=\"https:\/\/www.gute-fuehrung-braucht-gespuer.de\/gfg090-blogparade-die-coole-fuehrungskraft\/\" target=\"_blank\" rel=\"noopener\">Thomas Reinings Blogparade <\/a> &#8220;Die coole F\u00fchrungskraft\u201c. Ich stelle ihnen in dieser Episode einige meiner coolen Chefs vor! Willkommen zur 149!<\/p>\n","protected":false},"author":2,"featured_media":5201,"comment_status":"closed","ping_status":"closed","sticky":false,"template":"","format":"standard","meta":{"footnotes":""},"categories":[4],"tags":[],"class_list":["post-4484","post","type-post","status-publish","format-standard","has-post-thumbnail","hentry","category-podcast"],"_links":{"self":[{"href":"https:\/\/leben-fuehren.de\/r3\/wp-json\/wp\/v2\/posts\/4484","targetHints":{"allow":["GET"]}}],"collection":[{"href":"https:\/\/leben-fuehren.de\/r3\/wp-json\/wp\/v2\/posts"}],"about":[{"href":"https:\/\/leben-fuehren.de\/r3\/wp-json\/wp\/v2\/types\/post"}],"author":[{"embeddable":true,"href":"https:\/\/leben-fuehren.de\/r3\/wp-json\/wp\/v2\/users\/2"}],"replies":[{"embeddable":true,"href":"https:\/\/leben-fuehren.de\/r3\/wp-json\/wp\/v2\/comments?post=4484"}],"version-history":[{"count":0,"href":"https:\/\/leben-fuehren.de\/r3\/wp-json\/wp\/v2\/posts\/4484\/revisions"}],"wp:featuredmedia":[{"embeddable":true,"href":"https:\/\/leben-fuehren.de\/r3\/wp-json\/wp\/v2\/media\/5201"}],"wp:attachment":[{"href":"https:\/\/leben-fuehren.de\/r3\/wp-json\/wp\/v2\/media?parent=4484"}],"wp:term":[{"taxonomy":"category","embeddable":true,"href":"https:\/\/leben-fuehren.de\/r3\/wp-json\/wp\/v2\/categories?post=4484"},{"taxonomy":"post_tag","embeddable":true,"href":"https:\/\/leben-fuehren.de\/r3\/wp-json\/wp\/v2\/tags?post=4484"}],"curies":[{"name":"wp","href":"https:\/\/api.w.org\/{rel}","templated":true}]}}