{"id":4358,"date":"2017-08-14T05:00:42","date_gmt":"2017-08-14T03:00:42","guid":{"rendered":"https:\/\/leben-fuehren.de\/?p=4358"},"modified":"2018-03-01T19:04:24","modified_gmt":"2018-03-01T18:04:24","slug":"projektmanagement-mit-joerg-walter","status":"publish","type":"post","link":"https:\/\/leben-fuehren.de\/r3\/projektmanagement-mit-joerg-walter\/","title":{"rendered":"152 Projektmanagement mit J\u00f6rg Walter"},"content":{"rendered":"<p>Was hat Projektmanagement mit F\u00fchrung zu tun? Willkommen zum Interview mit J\u00f6rg Walter!<\/p>\n<p>Welche Priorit\u00e4t haben Projekte in der F\u00fchrung? J\u00f6rg Walters Wahrnehmung in seiner Arbeit ist, dass Projekte kaum eine gro\u00dfe Rolle im Tagesgesch\u00e4ft spielen. H\u00e4ufig werden sie sogar als l\u00e4stig betrachtet. Dabei ist er der Meinung, dass vor allem Projekte sich hervorragend eignen, um Strategien umzusetzen.<\/p>\n<h3>Projektmanagement ein Karriereboost?<\/h3>\n<p>Meist wird das Tagesgesch\u00e4ft von F\u00fchrungskr\u00e4ften nicht als herausragende Leistung anerkannt oder geehrt. Projekte hingegen verhelfen laut J\u00f6rg Walter zu Sichtbarkeit &#8211; k\u00f6nnen also der Karriere zugutekommen. Projekte sind das Instrument, um Dinge zu ver\u00e4ndern und Zukunft zu schaffen.\u00a0J\u00f6rg Walter hat t\u00e4glich mit Projektleitern zu tun, die nicht mal ein Projektmanagement Seminar besucht haben. Learning by Falschmachen ist leider h\u00e4ufig die Realit\u00e4t. Laut J\u00f6rg Walter ist es notwendig, Trainings zu machen, um die Basics zu lernen. Eine grundlegende Auseinandersetzung mit Thema ist unausweichlich. Die Anwendung ist dann folglich der n\u00e4chste Schritt. J\u00f6rg Walter r\u00e4t, jedes Projekt von Anfang an strukturiert anzugehen. Das bedeutet, vor der Umsetzung ausreichend Zeit in Vorbereitung und Planung zu stecken. Hier wird die Bedeutung der Trainings nochmal klar, denn nur durch das Erlernte k\u00f6nnen die Projektleiter die entsprechenden Methoden anwenden, um ein Projekt gut umzusetzen.<\/p>\n<p>Agiles Projektmanagement &#8211; funktioniert das? Das h\u00f6ren Sie in dieser Episode!<\/p>\n<h3>Wie wird man eigentlich ein guter Projektleiter?<\/h3>\n<p>Nat\u00fcrlich ist es gut, sich theoretisch auf das Thema vorzubereiten. Viele B\u00fccher lesen, Trainings absolvieren usw. Letztlich muss es aber getan werden. J\u00f6rg Walter r\u00e4t hierzu sich als Projektleiter eine Atmosph\u00e4re zu schaffen, in der reflektiert werden kann. Durch Feedback kann die Arbeit dann kontinuierlich verbessert werden.<\/p>\n<h2 class=\"fw-special-title\">Special Offer!<\/h2>\n<p style=\"text-align: right;\">F\u00fcr die IT-YoungStars hat J\u00f6rg Walter noch ein besonderes Geschenk! Alle IT-YoungStars werden Zugriff auf seinen Einsteigeigerkurs im Bereich Projektmanagement bekommen! Hier bekommen Sie von J\u00f6rg Walter grundlegendes Wissen an die Hand!<\/p>\n<p> <a href=\"https:\/\/leben-fuehren.de\/it-youngstars\/\" target=\"_self\" class=\"fw-btn tf-sh-7f1934526802383f0940582ef2ad9844 fw-btn-lg fw-btn-1\" style=\"\"><br \/>\n zu den IT-YoungStars<br \/>\n <\/a><\/p>\n<p>Zur Person:<\/p>\n<p>J\u00f6rg Walter ist Trainer und Coach im Bereich technisches Projektmanagement. Zus\u00e4tzlich macht er einen eigenen <a href=\"https:\/\/www.projektmanagement-maschinenbau.de\/\">Podcast<\/a>, in dem er sein Wissen und n\u00fctzliche Tipps mit seinen H\u00f6rern teilt.<\/p>\n<p>Ihr OLAF KAPINSKI\u00a0<\/p>\n<p><!-- d8f63e9f2691124bc4d45aacf8bb55ba --><\/p>\n<div class=\"powerpress_player\" id=\"powerpress_player_8842\"><div class=\"fw-wrap-boxed-media fw-wp-audio-shortcode\"><audio class=\"wp-audio-shortcode\" id=\"audio-4358-1\" preload=\"none\" style=\"width: 100%;\" controls=\"controls\"><source type=\"audio\/mpeg\" src=\"https:\/\/leben-fuehren.de\/cast\/LF152.m4a?_=1\" \/><a href=\"https:\/\/leben-fuehren.de\/cast\/LF152.m4a\">https:\/\/leben-fuehren.de\/cast\/LF152.m4a<\/a><\/audio><\/div><\/div><p class=\"powerpress_links powerpress_links_m4a\" style=\"margin-bottom: 1px !important;\">Podcast: <a href=\"https:\/\/leben-fuehren.de\/cast\/LF152.m4a\" class=\"powerpress_link_pinw\" target=\"_blank\" title=\"Play in new window\" onclick=\"return powerpress_pinw('https:\/\/leben-fuehren.de\/r3\/?powerpress_pinw=4358-podcast');\" rel=\"nofollow\">Play in new window<\/a> | <a href=\"https:\/\/leben-fuehren.de\/cast\/LF152.m4a\" class=\"powerpress_link_d\" title=\"Download\" rel=\"nofollow\" download=\"LF152.m4a\">Download<\/a><\/p>","protected":false},"excerpt":{"rendered":"<p>Was hat Projektmanagement mit F\u00fchrung zu tun? Willkommen zum Interview mit J\u00f6rg Walter!<\/p>\n","protected":false},"author":2,"featured_media":4550,"comment_status":"closed","ping_status":"closed","sticky":false,"template":"","format":"standard","meta":{"footnotes":""},"categories":[4],"tags":[],"class_list":["post-4358","post","type-post","status-publish","format-standard","has-post-thumbnail","hentry","category-podcast"],"_links":{"self":[{"href":"https:\/\/leben-fuehren.de\/r3\/wp-json\/wp\/v2\/posts\/4358","targetHints":{"allow":["GET"]}}],"collection":[{"href":"https:\/\/leben-fuehren.de\/r3\/wp-json\/wp\/v2\/posts"}],"about":[{"href":"https:\/\/leben-fuehren.de\/r3\/wp-json\/wp\/v2\/types\/post"}],"author":[{"embeddable":true,"href":"https:\/\/leben-fuehren.de\/r3\/wp-json\/wp\/v2\/users\/2"}],"replies":[{"embeddable":true,"href":"https:\/\/leben-fuehren.de\/r3\/wp-json\/wp\/v2\/comments?post=4358"}],"version-history":[{"count":0,"href":"https:\/\/leben-fuehren.de\/r3\/wp-json\/wp\/v2\/posts\/4358\/revisions"}],"wp:featuredmedia":[{"embeddable":true,"href":"https:\/\/leben-fuehren.de\/r3\/wp-json\/wp\/v2\/media\/4550"}],"wp:attachment":[{"href":"https:\/\/leben-fuehren.de\/r3\/wp-json\/wp\/v2\/media?parent=4358"}],"wp:term":[{"taxonomy":"category","embeddable":true,"href":"https:\/\/leben-fuehren.de\/r3\/wp-json\/wp\/v2\/categories?post=4358"},{"taxonomy":"post_tag","embeddable":true,"href":"https:\/\/leben-fuehren.de\/r3\/wp-json\/wp\/v2\/tags?post=4358"}],"curies":[{"name":"wp","href":"https:\/\/api.w.org\/{rel}","templated":true}]}}