{"id":4193,"date":"2017-04-21T05:00:16","date_gmt":"2017-04-21T03:00:16","guid":{"rendered":"https:\/\/leben-fuehren.de\/?p=4193"},"modified":"2020-05-21T16:28:07","modified_gmt":"2020-05-21T14:28:07","slug":"kontakt-zur-basis","status":"publish","type":"post","link":"https:\/\/leben-fuehren.de\/r3\/kontakt-zur-basis\/","title":{"rendered":"129 Kontakt zur Basis"},"content":{"rendered":"<p>Diese Episode ist durch den Kontakt mit der Leaderscommunity entstanden. Wie Sie den Kontakt zur Basis finden und ob das sinnvoll ist &#8211; erfahren Sie hier!<\/p>\n<p><!--more--><\/p>\n<p>Heute beantworte ich eine Leserfrage von Alex. Er ist auf den Gedanken gebracht worden, mit den Mitarbeiter am unteren Ende der Hierarchie zu reden. \u201eDen Puls des Unternehmens zu f\u00fchlen\u201c, wie er es nennt. Allerdings hat er ein gro\u00dfes Bedenken: Er m\u00f6chte nicht, dass die leitenden Mitarbeiter sich \u00fcbergangen f\u00fchlen. Ich habe mir viele Gedanken zu diesem Thema gemacht und m\u00f6chte sie heute mit Ihnen teilen.<\/p>\n<h3>Hierarchien \u00fcberspringen?<\/h3>\n<p>Ich denke diese Episode ist interessant f\u00fcr alle Chef-Chefs. D\u00fcrfen, k\u00f6nnen, sollen die Chef-Chefs mit den Mitarbeitern von anderen Chefs reden? Meine Antwort dazu ist, ja, aber. Ich denke, es funktioniert, dass F\u00fchrungskr\u00e4fte \u201eHierarchien \u00fcberspringen\u201c und sich in anderen Abteilungen umh\u00f6ren. Mein Aber ist, dass es hier an einigen Stellen ein paar Stolpersteine gibt, \u00fcber die Sie sich im Vorfeld bewusst sein sollten. Wichtig ist mal wieder die Kommunikation: Das bedeutet, dass Sie die entsprechende F\u00fchrungskraft informieren, warum und wor\u00fcber Sie sich mit deren Mitarbeitern unterhalten &#8211; und wor\u00fcber nicht. Besonders wichtig ist, dass Sie den Chef nicht aushebeln und dass sie dem Mitarbeiter keinen Platz lassen, Dinge zu besprechen, die an seinen Chef zu richten sind.<\/p>\n<h3>Feste Termine f\u00fcr Gespr\u00e4che?<\/h3>\n<p>Sie werden es nicht schaffen, mit jedem Mitarbeiter zu reden. Gleichzeitig ist es nicht sinnvoll, nur mit einzelnen Mitarbeitern zu sprechen. Geheimnisse? Dazu kann es kommen, wenn Ihnen jemand etwas \u00fcber den anderen Mitarbeiter erz\u00e4hlt. Sie sehen &#8211; es kann zu einigen Problemchen kommen. Meiner Meinung nach, sollten diese Gespr\u00e4che zuf\u00e4llig gemacht werden und informell bleiben. Grunds\u00e4tzlich haben Sie die M\u00f6glichkeit auch die Termine geplant \u201ezuf\u00e4llig\u201c zu gestalten. Das bedeutet, dass Sie nicht zum Gespr\u00e4ch einladen, sondern dass Sie sich Termine frei halten, in denen Sie einfach mal durch Ihr Unternehmen gehen.<\/p>\n<p>Ausf\u00fchrlichere Gedanken und was Sie auf keinen Fall in dieser Position tun sollten &#8211; h\u00f6ren Sie in dieser Episode!<\/p>\n<p>Eine Frage besch\u00e4ftigt Sie oder Sie w\u00fcnschen eine zweite Meinung? Dann werden Sie jetzt Teil der Leaderscommunity und diskutieren Sie mit mir und anderen zum Thema F\u00fchrung!<\/p>\n<p>Ich w\u00fcnsch eine gro\u00dfartige Woche!<\/p>\n<p>Ihr OLAF KAPINSKI<i class=\"fa fa-smile-o\" aria-hidden=\"true\"><\/i><\/p>\n<div class=\"powerpress_player\" id=\"powerpress_player_8168\"><div class=\"fw-wrap-boxed-media fw-wp-audio-shortcode\"><audio class=\"wp-audio-shortcode\" id=\"audio-4193-1\" preload=\"none\" style=\"width: 100%;\" controls=\"controls\"><source type=\"audio\/mpeg\" src=\"https:\/\/leben-fuehren.de\/cast\/LF129.mp3?_=1\" \/><a href=\"https:\/\/leben-fuehren.de\/cast\/LF129.mp3\">https:\/\/leben-fuehren.de\/cast\/LF129.mp3<\/a><\/audio><\/div><\/div><p class=\"powerpress_links powerpress_links_mp3\" style=\"margin-bottom: 1px !important;\">Podcast: <a href=\"https:\/\/leben-fuehren.de\/cast\/LF129.mp3\" class=\"powerpress_link_pinw\" target=\"_blank\" title=\"Play in new window\" onclick=\"return powerpress_pinw('https:\/\/leben-fuehren.de\/r3\/?powerpress_pinw=4193-podcast');\" rel=\"nofollow\">Play in new window<\/a> | <a href=\"https:\/\/leben-fuehren.de\/cast\/LF129.mp3\" class=\"powerpress_link_d\" title=\"Download\" rel=\"nofollow\" download=\"LF129.mp3\">Download<\/a><\/p>","protected":false},"excerpt":{"rendered":"<p>Diese Episode ist durch den Kontakt mit der Leaderscommunity entstanden. Wie Sie den Kontakt zur Basis finden und ob das sinnvoll ist &#8211; erfahren Sie hier!<\/p>\n","protected":false},"author":2,"featured_media":4195,"comment_status":"closed","ping_status":"closed","sticky":false,"template":"","format":"standard","meta":{"footnotes":""},"categories":[4],"tags":[],"class_list":["post-4193","post","type-post","status-publish","format-standard","has-post-thumbnail","hentry","category-podcast"],"_links":{"self":[{"href":"https:\/\/leben-fuehren.de\/r3\/wp-json\/wp\/v2\/posts\/4193","targetHints":{"allow":["GET"]}}],"collection":[{"href":"https:\/\/leben-fuehren.de\/r3\/wp-json\/wp\/v2\/posts"}],"about":[{"href":"https:\/\/leben-fuehren.de\/r3\/wp-json\/wp\/v2\/types\/post"}],"author":[{"embeddable":true,"href":"https:\/\/leben-fuehren.de\/r3\/wp-json\/wp\/v2\/users\/2"}],"replies":[{"embeddable":true,"href":"https:\/\/leben-fuehren.de\/r3\/wp-json\/wp\/v2\/comments?post=4193"}],"version-history":[{"count":0,"href":"https:\/\/leben-fuehren.de\/r3\/wp-json\/wp\/v2\/posts\/4193\/revisions"}],"wp:featuredmedia":[{"embeddable":true,"href":"https:\/\/leben-fuehren.de\/r3\/wp-json\/wp\/v2\/media\/4195"}],"wp:attachment":[{"href":"https:\/\/leben-fuehren.de\/r3\/wp-json\/wp\/v2\/media?parent=4193"}],"wp:term":[{"taxonomy":"category","embeddable":true,"href":"https:\/\/leben-fuehren.de\/r3\/wp-json\/wp\/v2\/categories?post=4193"},{"taxonomy":"post_tag","embeddable":true,"href":"https:\/\/leben-fuehren.de\/r3\/wp-json\/wp\/v2\/tags?post=4193"}],"curies":[{"name":"wp","href":"https:\/\/api.w.org\/{rel}","templated":true}]}}