{"id":3429,"date":"2016-11-28T05:00:06","date_gmt":"2016-11-28T04:00:06","guid":{"rendered":"http:\/\/leben-fuehren.de\/?p=3429"},"modified":"2020-05-21T11:09:24","modified_gmt":"2020-05-21T09:09:24","slug":"die-eigenen-ziele","status":"publish","type":"post","link":"https:\/\/leben-fuehren.de\/r3\/die-eigenen-ziele\/","title":{"rendered":"108 Die eigenen Ziele"},"content":{"rendered":"<p>Die eigenen Ziele, diese Episode vollendet die Mini-Serie, die sich um Ihr Leben in &#8220;richtig&#8221; dreht.<\/p>\n<p><!--more--><\/p>\n<p>Gleich zu Anfang: Wer jetzt nochmal nachh\u00f6ren m\u00f6chte und sich \u201evon vorne\u201c mit den Themen besch\u00e4ftigen will, f\u00fcr den habe ich hier nochmal<\/p>\n<p><strong>Den KLICKTIPP zum Reinh\u00f6ren:<\/strong><\/p>\n<ul>\n<li><a href=\"https:\/\/leben-fuehren.de\/die-eigene-vision\/\">Episode 104 \u2013 die eigene Vision<\/a><\/li>\n<li><a href=\"https:\/\/leben-fuehren.de\/die-eigene-strategie\/\">Episode 105 \u2013 die eigene Strategie<\/a><\/li>\n<\/ul>\n<p>In der heutigen Episode geht es gar nicht haupts\u00e4chlich um Ziele im Beruf oder wie wir Karriere machen. Heute geht es um Sie, um Ihr Leben, um Ihre eigenen Ziele. Eine kurze R\u00fcckschau: Bei der eigenen Vision ging es darum eine \u201egro\u00dfe Idee\u201c, ein \u201egro\u00dfes Bild\u201c von Ihrem Leben in richtig zu gestalten. Dann kamen die \u201eeigenen Strategien\u201c, also die Wege, die zu dieser Idee oder diesem Bild f\u00fchren.<\/p>\n<h3>Die eigenen Ziele &#8211; was bedeutet das?<\/h3>\n<p>Die eigenen Ziele sind einzelne, erreichbare Schritte auf dem Weg der Strategie.<\/p>\n<p><strong>1. Das Ziel ist selbst erreichbar<\/strong><\/p>\n<p>Das bedeutet: Sie haben es in der Hand. Ein Beispiel f\u00fcr ein nicht selbst erreichbares Ziel: Kinder sollen Abitur machen. Da haben Sie keinen Einfluss drauf.<br \/>\nEin Ziel, das Sie selbst erreichen k\u00f6nnen, w\u00e4re zum Beispiel 5h \/ Woche mit den Kindern f\u00fcr die Schule zu lernen. Sie haben hier alles, um das umzusetzen.<\/p>\n<p><strong>2. Positive Formulierungen w\u00e4hlen<\/strong><\/p>\n<p>Negative Formulierungen f\u00f6rdern Negativit\u00e4t \u2013 eine Bremse, wenn es darum geht, etwas zu erreichen. Anstatt zu sagen: \u201eIch will nicht mehr so gestresst sein!\u201c, sollten Sie sich zum Ziel setzen: \u201eIch will entspannter sein!\u201c. Die Negativit\u00e4t ist drau\u00dfen und das Ziel ist klarer formuliert.<\/p>\n<h3>Gro\u00df, aber nicht zu gro\u00df! Eigene Ziele in Reichweite halten<\/h3>\n<p>Ihre eigenen Ziele d\u00fcrfen gro\u00df sein, vielleicht sogar gr\u00f6\u00dfer sein, als Sie es f\u00fcr m\u00f6glich halten, dennoch sollten sie erreichbar sein. Wenn das Erreichen Ihres Ziels 20 Jahre dauert, dann werden Sie es unterwegs vermutlich verlieren und austauschen. Ziele sollten realistisch bleiben, damit sie Sie auch motivieren k\u00f6nnen. Ein unerreichbares Ziel, wie z.B. ins &#8220;Wei\u00dfe Haus&#8221; zu ziehen, wird Sie auf Dauer frustieren.<\/p>\n<h3>Erfolge feiern<\/h3>\n<p>Die eigenen Ziele sollen Spa\u00df machen! Deswegen sollten Sie Erfolge feiern. Feiern Sie die Etappen und H\u00fcrden, die Sie auf dem Weg zu Ihren Zielen geschafft haben. Das Gleiche gilt auch f\u00fcr Firmen, die meisten feiern kaum das \u201eWe made it!\u201c.<\/p>\n<p>Au\u00dferdem in dieser Episode zum Anh\u00f6ren:<br \/>\nDie richtige Abw\u00e4gung, Ressourcenplanung und nat\u00fcrlich, wie Sie starten auf dem Weg zu den eigenen Zielen.<\/p>\n<p>Haben Sie eine zielgerichtete Woche<br \/>\nIhr OLAF KAPINSKI <i class=\"fa fa-smile-o\" aria-hidden=\"true\"><\/i><\/p>\n<div class=\"powerpress_player\" id=\"powerpress_player_1582\"><div class=\"fw-wrap-boxed-media fw-wp-audio-shortcode\"><audio class=\"wp-audio-shortcode\" id=\"audio-3429-1\" preload=\"none\" style=\"width: 100%;\" controls=\"controls\"><source type=\"audio\/mpeg\" src=\"https:\/\/leben-fuehren.de\/cast\/LF108.mp3?_=1\" \/><a href=\"https:\/\/leben-fuehren.de\/cast\/LF108.mp3\">https:\/\/leben-fuehren.de\/cast\/LF108.mp3<\/a><\/audio><\/div><\/div><p class=\"powerpress_links powerpress_links_mp3\" style=\"margin-bottom: 1px !important;\">Podcast: <a href=\"https:\/\/leben-fuehren.de\/cast\/LF108.mp3\" class=\"powerpress_link_pinw\" target=\"_blank\" title=\"Play in new window\" onclick=\"return powerpress_pinw('https:\/\/leben-fuehren.de\/r3\/?powerpress_pinw=3429-podcast');\" rel=\"nofollow\">Play in new window<\/a> | <a href=\"https:\/\/leben-fuehren.de\/cast\/LF108.mp3\" class=\"powerpress_link_d\" title=\"Download\" rel=\"nofollow\" download=\"LF108.mp3\">Download<\/a><\/p>","protected":false},"excerpt":{"rendered":"<p>Die eigenen Ziele, diese Episode vollendet die Mini-Serie, die sich um Ihr Leben in &#8220;richtig&#8221; dreht.<\/p>\n","protected":false},"author":2,"featured_media":3592,"comment_status":"closed","ping_status":"closed","sticky":false,"template":"","format":"standard","meta":{"footnotes":""},"categories":[4],"tags":[],"class_list":["post-3429","post","type-post","status-publish","format-standard","has-post-thumbnail","hentry","category-podcast"],"_links":{"self":[{"href":"https:\/\/leben-fuehren.de\/r3\/wp-json\/wp\/v2\/posts\/3429","targetHints":{"allow":["GET"]}}],"collection":[{"href":"https:\/\/leben-fuehren.de\/r3\/wp-json\/wp\/v2\/posts"}],"about":[{"href":"https:\/\/leben-fuehren.de\/r3\/wp-json\/wp\/v2\/types\/post"}],"author":[{"embeddable":true,"href":"https:\/\/leben-fuehren.de\/r3\/wp-json\/wp\/v2\/users\/2"}],"replies":[{"embeddable":true,"href":"https:\/\/leben-fuehren.de\/r3\/wp-json\/wp\/v2\/comments?post=3429"}],"version-history":[{"count":0,"href":"https:\/\/leben-fuehren.de\/r3\/wp-json\/wp\/v2\/posts\/3429\/revisions"}],"wp:featuredmedia":[{"embeddable":true,"href":"https:\/\/leben-fuehren.de\/r3\/wp-json\/wp\/v2\/media\/3592"}],"wp:attachment":[{"href":"https:\/\/leben-fuehren.de\/r3\/wp-json\/wp\/v2\/media?parent=3429"}],"wp:term":[{"taxonomy":"category","embeddable":true,"href":"https:\/\/leben-fuehren.de\/r3\/wp-json\/wp\/v2\/categories?post=3429"},{"taxonomy":"post_tag","embeddable":true,"href":"https:\/\/leben-fuehren.de\/r3\/wp-json\/wp\/v2\/tags?post=3429"}],"curies":[{"name":"wp","href":"https:\/\/api.w.org\/{rel}","templated":true}]}}