{"id":2722,"date":"2016-04-25T05:00:31","date_gmt":"2016-04-25T03:00:31","guid":{"rendered":"http:\/\/leben-fuehren.de\/?p=2722"},"modified":"2020-05-21T16:07:56","modified_gmt":"2020-05-21T14:07:56","slug":"agile-transformation-im-wirklichen-leben","status":"publish","type":"post","link":"https:\/\/leben-fuehren.de\/r3\/agile-transformation-im-wirklichen-leben\/","title":{"rendered":"83-Agile Transformation im wirklichen Leben"},"content":{"rendered":"<p>&#8220;Agile Transformation \u2013 Funktioniert das?&#8221;, habe ich mich zum Ende der letzten Episode gefragt.<br \/>\nHeute habe ich gleich zwei Experten zum Interview eingeladen. Anke Heines von LEADaktiv kennen Sie schon; Markus Bleher, Gesch\u00e4ftsf\u00fchrer von HEMA, wird uns heute wie angek\u00fcndigt von der agilen Transformation in der Praxis berichten. Und das quasi live, denn sein Unternehmen befindet sich mitten in der Transformation.<\/p>\n<p><!--more--><\/p>\n<h2>Vorher<\/h2>\n<p>Die Firma HEMA Bands\u00e4getechnik und Schneidsysteme war bis 2013 ein klassisches, kleinmittelst\u00e4ndisches Familienunternehmen, mit etwa 50 Mitarbeitern. Die klassische Unternehmensf\u00fchrung f\u00fcr die Serienproduktion und seltene Sonderkundenw\u00fcnsche hat fast 90 Jahre lang funktioniert.<\/p>\n<p>HEMAs Betriebsstruktur war f\u00fcr eine serielle Produktion ausgelegt. Niemand musste denken, h\u00f6chstens der Kunde beim Bestellen. Die klassische Unternehmenshierarchie war steif, es gab schlie\u00dflich auch keinen Grund dies zu \u00e4ndern.<\/p>\n<p style=\"text-align: center;\">Gesch\u00e4ftsleitung<br \/>\nBetriebsleitung<br \/>\nLeitung f\u00fcr: Einkauf, Fertigung, Konstruktion, Montage<br \/>\nMitarbeiter<\/p>\n<p>Sondermaschinen wurden selbstverst\u00e4ndlich auch gebaut, \u00c4nderungen brauchten jedoch lange, um durch die Entscheidungsinstanzen kommuniziert zu werden, was einen erheblich l\u00e4ngeren Lieferzeitraum beanspruchte.<\/p>\n<h2>Wendepunkt<\/h2>\n<h3>Treiber f\u00fcr die Agile Transformation im Unternehmen<\/h3>\n<p>F\u00fcr Markus z\u00e4hlte nicht nur die Anpassung an die \u00f6konomischen Anforderungen.<br \/>\nWichtige Fragen waren f\u00fcr ihn ebenso:<\/p>\n<p style=\"padding-left: 30px;\">Wo sehe ich das Unternehmen in 5 Jahren?<br \/>\nWie sieht meine Zukunftsvision vom Unternehmen aus?<br \/>\nBefinde ich mich auf dem Weg zu dieser Vision?<br \/>\nVertraue ich meinen Mitarbeitern?<br \/>\nWie kann ich die Kompetenz meiner Mitarbeiter besser nutzen?<br \/>\nWelches Unternehmen m\u00f6chte ich an die n\u00e4chste Generation weitergeben?<br \/>\nSollen fachlich kompetente Mitarbeiter in F\u00fchrungspositionen gedr\u00e4ngt werden?<br \/>\nIst F\u00fchrungsposition = soziale Anerkennung?<\/p>\n<p>HEMAS akuter Ausl\u00f6ser war ein russischer Gro\u00dfauftrag im Jahr 2013, der den Umsatz f\u00fcr dieses Jahr verdoppeln sollte. Es musste also eine \u00c4nderung her. Dass diese so radikal wird, haben selbst die Gesch\u00e4ftsf\u00fchrer nicht gedacht. Anke Heines und die Herausforderung haben jedoch \u00fcberzeugt.<\/p>\n<h4>Ergebnis: Ab 2013 hatten die Mitarbeiter prinzipiell keine Vorgesetzten mehr.<\/h4>\n<p>Selbstverst\u00e4ndlich gab es eine Ank\u00fcndigung, Gespr\u00e4che vorab mit der Belegschaft und Workshops, um die Mitarbeiter und auch die Chefs auf diesen Schritt vorzubereiten. Die Agile Transformation ist zu allererst ein kommunikativer Prozess.<\/p>\n<h3>Herausforderungen<\/h3>\n<p>Eine Agile Transformation passiert nicht ohne Herausforderungen &#8211; f\u00fcr den Chef UND die Belegschaft<\/p>\n<ul>\n<li>Kontrolle abgeben<\/li>\n<li>wechselseitiger Vertrauensvorschuss<\/li>\n<li>sich auf Augenh\u00f6he begegnen<\/li>\n<li>mit Fehlern rechnen und diese zu sch\u00e4tzen wissen<\/li>\n<li>Kommunikationsverhalten \u00e4ndern<\/li>\n<li>neuer F\u00fchrungsbereich f\u00fcr den Chef: Mitarbeiterbetreuung und -coachings<\/li>\n<li>neuen Wirkungskreis f\u00fcr alte F\u00fchrungskr\u00e4fte<\/li>\n<\/ul>\n<p>Den letzten Punkt m\u00f6chte ich an dieser Stelle ausweiten.<\/p>\n<h3>Wohin mit dem F\u00fchrungspersonal?<\/h3>\n<p>Die Firma HEMA hat sich dazu entschlossen, keine Mitarbeiter im Zuge der Agilen Transformation verlieren zu wollen. Es brauchte also neue Arbeitspl\u00e4tze f\u00fcr die ehemaligen F\u00fchrungskr\u00e4fte. Und was liegt da n\u00e4her, als sich deren St\u00e4rken genauer anzuschauen und anhand derer nach wertsch\u00f6pfenden Bereichen zu suchen? Bei HEMA gab es z.T. sogar Positionen, die dringend besetzt werden mussten und f\u00fcr die diese Mitarbeiter optimal geeignet waren. Es wurden ganz neue Bereiche wie Aftersales integriert.<br \/>\nDie Gehaltsfrage war dabei nebens\u00e4chlich. Es hat sich schlichtweg nicht ge\u00e4ndert, denn die Produktivit\u00e4t der Firma ist durch die Agile Transformation gestiegen. Es h\u00e4tte folglich gar keinen Grund gegeben, Geh\u00e4lter zu k\u00fcrzen.<\/p>\n<h2>Heute<\/h2>\n<p>Neben all den Vorteilen, die wir Ihnen in der letzten und heutigen Episode dargelegt haben, hat Markus von einem weiteren Ph\u00e4nomen berichtet. Die Mitarbeiter wurden von den Ketten der klassischen Hierarchie befreit. Sie sind motivierter, ideenreicher, teilhabender und vor allem: wertsch\u00f6pfender. Das Arbeitsklima und der Spirit der Firma hat sich sp\u00fcrbar gewandelt.<\/p>\n<p>Markus&#8217; Gesamtfazit f\u00fcr die Firma HEMA l\u00e4sst sich desweiteren in verschiedene Bereiche unterteilen:<\/p>\n<p><strong>\u00d6konomie<\/strong><br \/>\nHEMA hat sich den gesamtwirtschaftlichen \u00c4nderungen angepasst. Die Produktivit\u00e4t wurde gesteigert, sodass Standardmaschinen nun 15% weniger Lieferzeit beanspruchen. Bei gleichbleibenden Preisen gibt das ein ordentliches Plus an Rentabilit\u00e4t. Und warum? Weil alle Kettenglieder nun in dieselbe Richtung ziehen.<\/p>\n<p><strong>Kundenservice<\/strong><br \/>\nKunden erwarten bei HEMA eine 100%ige Liefertreue und eine direkte Kommunikationsm\u00f6glichkeit mit dem Unternehmen &#8211; Monteuren, Fertigern und auch den Gesch\u00e4ftsf\u00fchrern. Auf Sonderanfertigungsw\u00fcnsche kann aufgrund von kurzen Entscheidungswegen schnell eingegangen werden.<\/p>\n<p><strong>Mitarbeiter<\/strong><br \/>\nMitarbeiter haben nun die M\u00f6glichkeit, eine T\u00e4tigkeit entsprechend ihrer St\u00e4rken auszu\u00fcben. Das motiviert, macht kreativ. Au\u00dferdem werden sie zum Teil eines Ganzen, kriegen Entscheidungsgewalt. Sie werden im einzelnen wichtig f\u00fcr das ganze Unternehmen und sind nicht leicht austauschbar. Um Entscheidungen zu treffen, brauch die Belegschaft Informationen, die nur durch Transparenz zug\u00e4nglich werden k\u00f6nnen. Markus&#8217; Betrieb hat dazu einen Newsletter etabliert, dessen Inhalt er im Interview skizziert.<\/p>\n<p><strong>Chefs<\/strong><br \/>\nF\u00fcr Chefs \u00e4ndert sich besonders das Verh\u00e4ltnis zu den Mitarbeitern. Ein Chef braucht w\u00e4hrend der agilen Transformation vor allem Vertrauen \u2013 selbst wenn es zu Fehlern kommen sollte. Au\u00dferdem \u00e4ndert sich sein T\u00e4tigkeitsbereich enorm: Weg von operativen Bereichen, von Umsatzzahlen und hin zum Coaching, zur Unterst\u00fctzung und Motivation.<\/p>\n<p><strong>Firmen-Spirit<\/strong><br \/>\nMarkus erz\u00e4hlt uns von betrieblichen Freizeitaktionen, Grillabenden und Spa\u00df. Das klingt super, um fern von theoretischen Workshops, die Kommunikation untereinander zu best\u00e4rken.<\/p>\n<h2>Nachher<\/h2>\n<p>Wo ein &#8220;vorher&#8221; steht, muss ich ein &#8220;nachher&#8221; sein. In diesem Falle nicht. Es gibt kein &#8220;nachher&#8221;, denn die Agile Transformation ist eine Reise, ein st\u00e4ndiger Wandlungsprozess.<\/p>\n<h1>Und wie geht\u2019s weiter?<\/h1>\n<p>Anke begleitete bereits viele Unternehmen w\u00e4hrend der Agilen Transformation. Sie teilt ihr umfassendes Wissen bisher in <a href=\"http:\/\/leadaktiv.de\/\" target=\"_blank\" rel=\"noopener noreferrer\">Pr\u00e4senz-Seminaren<\/a>, welches Interessierte auf den Weg bringt, die Agile Transformation im eigenen Unternehmen auf den Weg zu bringen.<\/p>\n<p>Ich denke, die Eingangsfrage konnte Markus mir klar und deutlich mit &#8220;Ja, das funktioniert!&#8221; beantworten. Das scheint sogar ziemlich gut zu funktionieren.<\/p>\n<p>Ein Riesendankesch\u00f6n an Anke und Markus f\u00fcr ihren Input in den letzten beiden Episoden. <i class=\"fa fa-thumbs-o-up\" aria-hidden=\"true\"><\/i> Dieses Thema wird mich auch zuk\u00fcnftig nicht in Ruhe lassen und weiterhin Einfluss auf einige meiner Episoden haben.<\/p>\n<p>Haben Sie wieder eine agile Woche<br \/>\nIhr OLAF DAMMANN <i class=\"fa fa-smile-o\" aria-hidden=\"true\"><\/i><\/p>\n<p><img decoding=\"async\" class=\"alignright\" src=\"https:\/\/leben-fuehren.de\/wp-content\/uploads\/LF083-MarkusBleher-281x300.jpg\" alt=\"Agile Transformation\" width=\"281\" height=\"300\" \/><br \/>\nDer Diplombetriebswirt und MBAE Markus Bleher ist einer der beiden Gesch\u00e4ftsf\u00fchrer des S\u00e4genherstellers Hema. Hema ist ein schw\u00e4bisches Familienunternehmen mit inzwischen 90-j\u00e4hriger Firmengeschichte. Sie haben in 2013 begonnen, ihr Unternehmen agil zu transformieren. Und damit einen durchschlagenden Erfolg gehabt.<\/p>\n<p>Sie k\u00f6nnen sich das agile Unternehmen <a href=\"http:\/\/www.hema-saegen.de\/home\/unternehmen\/anders_besser\/\" target=\"_blank\" rel=\"noopener noreferrer\"><img decoding=\"async\" src=\"https:\/\/leben-fuehren.de\/wp-content\/uploads\/LF083-hemalogo.png\" alt=\"HEMA\" width=\"270\" height=\"99\" \/><\/a>live ansehen, daf\u00fcr bieten sie Praxistage an.<\/p>\n<div class=\"powerpress_player\" id=\"powerpress_player_5584\"><div class=\"fw-wrap-boxed-media fw-wp-audio-shortcode\"><audio class=\"wp-audio-shortcode\" id=\"audio-2722-1\" preload=\"none\" style=\"width: 100%;\" controls=\"controls\"><source type=\"audio\/mpeg\" src=\"https:\/\/leben-fuehren.de\/cast\/LF083.mp3?_=1\" \/><a href=\"https:\/\/leben-fuehren.de\/cast\/LF083.mp3\">https:\/\/leben-fuehren.de\/cast\/LF083.mp3<\/a><\/audio><\/div><\/div><p class=\"powerpress_links powerpress_links_mp3\" style=\"margin-bottom: 1px !important;\">Podcast: <a href=\"https:\/\/leben-fuehren.de\/cast\/LF083.mp3\" class=\"powerpress_link_pinw\" target=\"_blank\" title=\"Play in new window\" onclick=\"return powerpress_pinw('https:\/\/leben-fuehren.de\/r3\/?powerpress_pinw=2722-podcast');\" rel=\"nofollow\">Play in new window<\/a> | <a href=\"https:\/\/leben-fuehren.de\/cast\/LF083.mp3\" class=\"powerpress_link_d\" title=\"Download\" rel=\"nofollow\" download=\"LF083.mp3\">Download<\/a><\/p>","protected":false},"excerpt":{"rendered":"<p>&#8220;Agile Transformation \u2013 Funktioniert das?&#8221;, habe ich mich zum Ende der letzten Episode gefragt.<br \/>\nHeute habe ich gleich zwei Experten zum Interview eingeladen. Anke Heines von LEADaktiv kennen Sie schon; Markus Bleher, Gesch\u00e4ftsf\u00fchrer von HEMA, wird uns heute wie angek\u00fcdigt von der agilen Transformation in der Praxis berichten. Und das quasi live, denn sein Unternehmen befindet sich mitten in der Transformation.<\/p>\n","protected":false},"author":2,"featured_media":2785,"comment_status":"closed","ping_status":"closed","sticky":false,"template":"","format":"standard","meta":{"footnotes":""},"categories":[4],"tags":[],"class_list":["post-2722","post","type-post","status-publish","format-standard","has-post-thumbnail","hentry","category-podcast"],"_links":{"self":[{"href":"https:\/\/leben-fuehren.de\/r3\/wp-json\/wp\/v2\/posts\/2722","targetHints":{"allow":["GET"]}}],"collection":[{"href":"https:\/\/leben-fuehren.de\/r3\/wp-json\/wp\/v2\/posts"}],"about":[{"href":"https:\/\/leben-fuehren.de\/r3\/wp-json\/wp\/v2\/types\/post"}],"author":[{"embeddable":true,"href":"https:\/\/leben-fuehren.de\/r3\/wp-json\/wp\/v2\/users\/2"}],"replies":[{"embeddable":true,"href":"https:\/\/leben-fuehren.de\/r3\/wp-json\/wp\/v2\/comments?post=2722"}],"version-history":[{"count":0,"href":"https:\/\/leben-fuehren.de\/r3\/wp-json\/wp\/v2\/posts\/2722\/revisions"}],"wp:featuredmedia":[{"embeddable":true,"href":"https:\/\/leben-fuehren.de\/r3\/wp-json\/wp\/v2\/media\/2785"}],"wp:attachment":[{"href":"https:\/\/leben-fuehren.de\/r3\/wp-json\/wp\/v2\/media?parent=2722"}],"wp:term":[{"taxonomy":"category","embeddable":true,"href":"https:\/\/leben-fuehren.de\/r3\/wp-json\/wp\/v2\/categories?post=2722"},{"taxonomy":"post_tag","embeddable":true,"href":"https:\/\/leben-fuehren.de\/r3\/wp-json\/wp\/v2\/tags?post=2722"}],"curies":[{"name":"wp","href":"https:\/\/api.w.org\/{rel}","templated":true}]}}