{"id":2569,"date":"2016-03-14T05:00:28","date_gmt":"2016-03-14T04:00:28","guid":{"rendered":"http:\/\/leben-fuehren.de\/?p=2569"},"modified":"2020-05-20T19:31:18","modified_gmt":"2020-05-20T17:31:18","slug":"visionen-in-der-praxis","status":"publish","type":"post","link":"https:\/\/leben-fuehren.de\/r3\/visionen-in-der-praxis\/","title":{"rendered":"77-Visionen in der Praxis"},"content":{"rendered":"<p>Sch\u00f6n, dass Sie da sind! Vorab ein paar gute Nachrichten meinerseits:<\/p>\n<p><!--more--><\/p>\n<ol>\n<li>Ich arbeite an meinen Projekten f\u00fcr den Sommer diesen Jahres! An dieser Stelle ein riesiges Dankesch\u00f6n an meine jetzigen Abonnenten f\u00fcr Ihren Input.<\/li>\n<li>Auch, wenn Sie noch nicht Abonnent sind, k\u00f6nnen Sie sich jetzt in der Sidebar anmelden, um auch backstage dabei zu sein. Ich freue mich auf Ihre Ideen und Nachrichten.<\/li>\n<li>Ich wurde zum Interview geladen! Und zwar f\u00fcr den Podcast von <a href=\"http:\/\/kommunikationsverbesserer.com\/\" target=\"_blank\" rel=\"noopener noreferrer\">Stefan Mantel<\/a>, der als Supervisor und Coach f\u00fcr erfolgreiche Kommunikation t\u00e4tig ist. Dort ging es um&#8230; genau: <strong>Ziele<\/strong>. Viel Spa\u00df!<\/li>\n<\/ol>\n<p>Und nun zum heutigen Thema. Ich habe Holger Fassbender eingeladen, der eine tolle Geschichte mit Ihnen zu teilen hat. Holger ist F\u00fchrungskraft von acht Mitarbeitern in einem mittelst\u00e4ndischen Unternehmen und hat an der <a href=\"https:\/\/leben-fuehren.de\/teamzielechallenge2016\/\">Teamziele-Challenge<\/a> teilgenommen. Danke, lieber Holger, f\u00fcr deine Erfolgsgeschichte!<\/p>\n<h2>Die Visionen in der Praxis&#8230;<\/h2>\n<p>Holgers Firma arbeitete an einer Firmenvision, die eines Tages pr\u00e4sentiert werden sollte. Dieses &#8220;eines Tages&#8221; verschob sich um eine (un)gewisse Zeit, die Einladungen der Mitarbeiter waren l\u00fcckenhaft und die letztendliche Terminierung g\u00e4nzlich unpassend. Ganz zu Schweigen von der unmotivierten Vortragsweise. Sie k\u00f6nnen sich vorstellen, was das Ergebnis einer solchen Visionspr\u00e4sentation ist: Gar nichts. Im schlimmsten Falle sogar noch unmotiviertere Mitarbeiter, die absolut keinen Bock auf Kommunikation mit diesen elit\u00e4ren Visionssch\u00f6pfern haben. Das Grauen jeder F\u00fchrungskraft.<\/p>\n<p>Holger hat es geschafft, diesen Riesenpatzer wieder gut zu machen und sein Team von acht Mitarbeitern wieder abzuholen. Und dabei ist etwas spannendes passiert.<\/p>\n<p>Hier nochmal die <strong>Basics f\u00fcr Visionen und deren Pr\u00e4sentation in der Praxis<\/strong> und der <strong>Kleinkram<\/strong>, der Holger zum Erfolg gef\u00fchrt hat.<\/p>\n<h2>Die richtigen Ziele<\/h2>\n<p>In der <a href=\"https:\/\/leben-fuehren.de\/teamzielechallenge2016\/\">Teamziele-Challange<\/a> hat Holger die Firmenvision mit handfesteren Zielen klarer gestaltet. Thema heute sind nicht die Ziele selbst, sondern die Form von Zielen: konkret, handfest, heruntergebrochen auf Schritte, die zum gro\u00dfen Ganzen f\u00fchren.<\/p>\n<h2>Die richtige Einladung<\/h2>\n<p>Bitte, bitte vergessen Sie niemanden, wenn Sie zu einer solchen Pr\u00e4sentation von Visionen einladen. Das ist nicht nur peinlich, sondern vermittelt den Vergessenen auch das Gef\u00fchl von \u00dcberfl\u00fcssigkeit. Planen Sie weit im Voraus, sodass sich jeder Mitarbeiter darauf vorbereiten kann. Einladungen per E-Mail wirken pers\u00f6nlicher als ein kahler DIN A4- Zettel am Eingang des B\u00fcrogeb\u00e4udes.<\/p>\n<h2>Die richtige Terminierung<\/h2>\n<p>Ein Termin NACH der regul\u00e4ren Arbeitszeit hat den Beigeschmack von Nachsitzen, Investition von zus\u00e4tzlicher Zeit, lagert die Thematik aus und macht den Anschein, dass dieses Meeting nichts mit dem Arbeitsalltag zu tun hat. Genau das wollen Sie nicht. Visionen sind ein zentraler Punkt und das Reden \u00fcber diese Thematik braucht wache K\u00f6pfe und keine Feierabendstimmung.<\/p>\n<h2>Die richtige Pr\u00e4sentation<\/h2>\n<p>Nat\u00fcrlich k\u00f6nnen Sie dabei das Abstraktum von Firmenphilosophie als Einstiegspunkt vortragen. Viel wichtiger ist Ihrem Team allerdings, wie es konrekt zu diesem Ziel beitragen kann. Das hei\u00dft, brechen Sie gro\u00dfe Visionen unbedingt runter. Was kann jeder, oder gerade Ihre Abteilung, dazu beitragen?<\/p>\n<h2>Die richtige Vortragsweise<\/h2>\n<p>Im Zentrum steht Glaubhaftigkeit. Ihr Team wird Ihnen nicht folgen, wenn Sie ein Schauspiel vorf\u00fchren. Wenn Sie nicht hinter Ihren Ideen stehen, brauchen Sie gar nicht mit Mitarbeitermotivation zu beginnen. Treten Sie also selbstbewusst und &#8220;echt&#8221; auf und zeigen Sie offen die Begeisterung f\u00fcr Ihre Idee der Firma.<\/p>\n<p>Die \u00fcblichen <em>have to&#8217;s<\/em> wie sich dem Publikum zuwenden, deutliche Artikulation und co. lasse ich an dieser Stelle aus.<\/p>\n<h2>Die richtige Diskussion<\/h2>\n<p>Im Optimalfall ergibt sich die anschlie\u00dfende oder auch w\u00e4hrend der Pr\u00e4sentation entstehende Diskussion von selbst. Auch wenn sie bei einem emp\u00f6rten &#8220;Das ist unm\u00f6glich!&#8221; startet, kann sie zu einem &#8220;Hmmmm, aber wie k\u00f6nnten wir es schaffen?&#8221; f\u00fchren. Holen Sie Ihr Team ab und \u00fcberlegen Sie gemeinsam an L\u00f6sungswegen. Meistens wissen Ihre Mitarbeiter viel genauer, wo in der Praxis der Schuh dr\u00fcckt. Ernstgenommene Menschen arbeiten engagierter.<\/p>\n<h2>Das richtige Forum f\u00fcr weitere Gespr\u00e4che<\/h2>\n<p>Ein einmaliges Besprechen von Team-Zielen ist Unsinn. Halten Sie die Kommunikation unbedingt aufrecht, damit jedes Teammitglied seine handfesten Ziele im Arbeitsalltag nicht aus den Augen verliert. Aber Achtung: Machen Sie keine Mitarbeitergespr\u00e4che! Wenn Sie jetzt emp\u00f6rt sind, warten Sie bis zur n\u00e4chsten Episode \ud83d\ude42<\/p>\n<p>Haben Sie eine wundersch\u00f6ne Woche!<\/p>\n<p>Ihr OLAF DAMMANN <i class=\"fa fa-smile-o\" aria-hidden=\"true\"><\/i><\/p>\n<div class=\"powerpress_player\" id=\"powerpress_player_7106\"><div class=\"fw-wrap-boxed-media fw-wp-audio-shortcode\"><audio class=\"wp-audio-shortcode\" id=\"audio-2569-1\" preload=\"none\" style=\"width: 100%;\" controls=\"controls\"><source type=\"audio\/mpeg\" src=\"https:\/\/leben-fuehren.de\/cast\/LF077.mp3?_=1\" \/><a href=\"https:\/\/leben-fuehren.de\/cast\/LF077.mp3\">https:\/\/leben-fuehren.de\/cast\/LF077.mp3<\/a><\/audio><\/div><\/div><p class=\"powerpress_links powerpress_links_mp3\" style=\"margin-bottom: 1px !important;\">Podcast: <a href=\"https:\/\/leben-fuehren.de\/cast\/LF077.mp3\" class=\"powerpress_link_pinw\" target=\"_blank\" title=\"Play in new window\" onclick=\"return powerpress_pinw('https:\/\/leben-fuehren.de\/r3\/?powerpress_pinw=2569-podcast');\" rel=\"nofollow\">Play in new window<\/a> | <a href=\"https:\/\/leben-fuehren.de\/cast\/LF077.mp3\" class=\"powerpress_link_d\" title=\"Download\" rel=\"nofollow\" download=\"LF077.mp3\">Download<\/a><\/p>","protected":false},"excerpt":{"rendered":"<p>Sch\u00f6n, dass Sie da sind! Vorab ein paar gute Nachrichten meinerseits:<\/p>\n","protected":false},"author":2,"featured_media":2585,"comment_status":"closed","ping_status":"closed","sticky":false,"template":"","format":"standard","meta":{"footnotes":""},"categories":[4],"tags":[],"class_list":["post-2569","post","type-post","status-publish","format-standard","has-post-thumbnail","hentry","category-podcast"],"_links":{"self":[{"href":"https:\/\/leben-fuehren.de\/r3\/wp-json\/wp\/v2\/posts\/2569","targetHints":{"allow":["GET"]}}],"collection":[{"href":"https:\/\/leben-fuehren.de\/r3\/wp-json\/wp\/v2\/posts"}],"about":[{"href":"https:\/\/leben-fuehren.de\/r3\/wp-json\/wp\/v2\/types\/post"}],"author":[{"embeddable":true,"href":"https:\/\/leben-fuehren.de\/r3\/wp-json\/wp\/v2\/users\/2"}],"replies":[{"embeddable":true,"href":"https:\/\/leben-fuehren.de\/r3\/wp-json\/wp\/v2\/comments?post=2569"}],"version-history":[{"count":0,"href":"https:\/\/leben-fuehren.de\/r3\/wp-json\/wp\/v2\/posts\/2569\/revisions"}],"wp:featuredmedia":[{"embeddable":true,"href":"https:\/\/leben-fuehren.de\/r3\/wp-json\/wp\/v2\/media\/2585"}],"wp:attachment":[{"href":"https:\/\/leben-fuehren.de\/r3\/wp-json\/wp\/v2\/media?parent=2569"}],"wp:term":[{"taxonomy":"category","embeddable":true,"href":"https:\/\/leben-fuehren.de\/r3\/wp-json\/wp\/v2\/categories?post=2569"},{"taxonomy":"post_tag","embeddable":true,"href":"https:\/\/leben-fuehren.de\/r3\/wp-json\/wp\/v2\/tags?post=2569"}],"curies":[{"name":"wp","href":"https:\/\/api.w.org\/{rel}","templated":true}]}}