{"id":189,"date":"2010-10-06T01:00:27","date_gmt":"2010-10-05T23:00:27","guid":{"rendered":"http:\/\/leben-fuehren.de\/?post_type=podcast&#038;p=189"},"modified":"2020-05-19T16:51:39","modified_gmt":"2020-05-19T14:51:39","slug":"vorstellung","status":"publish","type":"post","link":"https:\/\/leben-fuehren.de\/r3\/vorstellung\/","title":{"rendered":"LF001 &#8211; Vorstellung"},"content":{"rendered":"<p>Herzlich willkommen zu allerersten Folge dieses Podcast-Projektes! Ich freue mich unglaublich, dass Sie dies h\u00f6ren!<br \/>\nIn dieser ersten Folge werde ich erl\u00e4utern, worum es in diesem Podcast-Projekt geht und welchen Nutzen ich Ihnen glaube damit anbieten zu k\u00f6nnen.<br \/>\n<strong>Das Ziel dieses Podcast ist es, uns erfolgreiche F\u00fchrungskr\u00e4fte gemeinsam immer besser zu machen.<\/strong><br \/>\n<!--more--><br \/>\nMeine Idee ist es, dass ich diesen Podcast f\u00fcr Sie mache und Ihnen damit den einen oder anderen Denkansto\u00dfe gebe, mit Ihnen zusammen Dinge hinterfrage um Verbesserungspotentiale zu finden. Indem ich Ihnen Tools und Ideen anbiete, die Sie dann selber f\u00fcr sich so nutzen und kombinieren k\u00f6nnen wie es auf ihre individuelle Situation und Ihre eigenen Bed\u00fcrfnisse am besten passt. Im Gegenzug geben Sie mir Ihr ehrliches Feedback dazu, so k\u00f6nnen wir alle zusammen immer besser werden.<\/p>\n<p>Ich werde in dieser ersten Episode meine Sicht darauf erl\u00e4utern, dass wir als F\u00fchrungskraft nur dann immer wirksamer werden k\u00f6nnen, wenn wir uns um uns als kompletten Mensch k\u00fcmmern. Und nicht nur um die Rolle, die wir im Beruf spielen. Ich sehe einen einfachen Zusammenhang zwischen \u201egut f\u00fchlen\u201c und erfolgreich sein. Gerade als F\u00fchrungskraft.<\/p>\n<p>Ich stelle mich vor und ich stelle Ihnen vor, wie ich mir Sie vorstelle.<\/p>\n<p>Und ich lade Sie ein, einen aktiven Teil an diesem Projekt zu \u00fcbernehmen: Ich m\u00f6chte mich mit erfolgreichen F\u00fchrungskr\u00e4ften vernetzen, Ihre Erfahrungen hier in den Podcast einflie\u00dfen lassen k\u00f6nnen mit dem Ziel, dass wir alle gemeinsam best\u00e4ndig immer leichter immer besser und immer wirksamer werden.<\/p>\n<p>Ich freue mich \u00fcber Ihr Interesse und w\u00fcnsche Ihnen eine tolle Woche!<\/p>\n<p>Olaf Dammann<\/p>\n<div class=\"powerpress_player\" id=\"powerpress_player_4965\"><div class=\"fw-wrap-boxed-media fw-wp-audio-shortcode\"><audio class=\"wp-audio-shortcode\" id=\"audio-189-1\" preload=\"none\" style=\"width: 100%;\" controls=\"controls\"><source type=\"audio\/mpeg\" src=\"https:\/\/leben-fuehren.de\/cast\/LF001.mp3?_=1\" \/><a href=\"https:\/\/leben-fuehren.de\/cast\/LF001.mp3\">https:\/\/leben-fuehren.de\/cast\/LF001.mp3<\/a><\/audio><\/div><\/div><p class=\"powerpress_links powerpress_links_mp3\" style=\"margin-bottom: 1px !important;\">Podcast: <a href=\"https:\/\/leben-fuehren.de\/cast\/LF001.mp3\" class=\"powerpress_link_pinw\" target=\"_blank\" title=\"Play in new window\" onclick=\"return powerpress_pinw('https:\/\/leben-fuehren.de\/r3\/?powerpress_pinw=189-podcast');\" rel=\"nofollow\">Play in new window<\/a> | <a href=\"https:\/\/leben-fuehren.de\/cast\/LF001.mp3\" class=\"powerpress_link_d\" title=\"Download\" rel=\"nofollow\" download=\"LF001.mp3\">Download<\/a><\/p>","protected":false},"excerpt":{"rendered":"<p>In dieser ersten Folge werde ich erl\u00e4utern, worum es in diesem Podcast-Projekt geht und welchen Nutzen ich Ihnen damit bieten kann.<\/p>\n","protected":false},"author":2,"featured_media":2038,"comment_status":"open","ping_status":"closed","sticky":false,"template":"","format":"standard","meta":{"footnotes":""},"categories":[4],"tags":[],"class_list":["post-189","post","type-post","status-publish","format-standard","has-post-thumbnail","hentry","category-podcast"],"_links":{"self":[{"href":"https:\/\/leben-fuehren.de\/r3\/wp-json\/wp\/v2\/posts\/189","targetHints":{"allow":["GET"]}}],"collection":[{"href":"https:\/\/leben-fuehren.de\/r3\/wp-json\/wp\/v2\/posts"}],"about":[{"href":"https:\/\/leben-fuehren.de\/r3\/wp-json\/wp\/v2\/types\/post"}],"author":[{"embeddable":true,"href":"https:\/\/leben-fuehren.de\/r3\/wp-json\/wp\/v2\/users\/2"}],"replies":[{"embeddable":true,"href":"https:\/\/leben-fuehren.de\/r3\/wp-json\/wp\/v2\/comments?post=189"}],"version-history":[{"count":0,"href":"https:\/\/leben-fuehren.de\/r3\/wp-json\/wp\/v2\/posts\/189\/revisions"}],"wp:featuredmedia":[{"embeddable":true,"href":"https:\/\/leben-fuehren.de\/r3\/wp-json\/wp\/v2\/media\/2038"}],"wp:attachment":[{"href":"https:\/\/leben-fuehren.de\/r3\/wp-json\/wp\/v2\/media?parent=189"}],"wp:term":[{"taxonomy":"category","embeddable":true,"href":"https:\/\/leben-fuehren.de\/r3\/wp-json\/wp\/v2\/categories?post=189"},{"taxonomy":"post_tag","embeddable":true,"href":"https:\/\/leben-fuehren.de\/r3\/wp-json\/wp\/v2\/tags?post=189"}],"curies":[{"name":"wp","href":"https:\/\/api.w.org\/{rel}","templated":true}]}}