{"id":176,"date":"2014-10-27T01:00:02","date_gmt":"2014-10-27T00:00:02","guid":{"rendered":"http:\/\/leben-fuehren.de\/?post_type=podcast&#038;p=176"},"modified":"2020-05-19T15:44:09","modified_gmt":"2020-05-19T13:44:09","slug":"was-nehmen-wir-wahr","status":"publish","type":"post","link":"https:\/\/leben-fuehren.de\/r3\/was-nehmen-wir-wahr\/","title":{"rendered":"LF004 \u2013 Was nehmen wir wahr?"},"content":{"rendered":"<p>Herzlich willkommen zur vierten Episode des neuen Podcast-Projektes LEBEN-F\u00dcHREN. Diese Folge f\u00fchrt Sie weiter auf dem in der letzten Episode eingeschlagenen Weg:<br \/>\n<!--more--><br \/>\nWenn unser Ziel ist, gl\u00fccklich zu sein, welche M\u00f6glichkeiten haben wir dann? Der Bereich Wahrnehmung spielt eine wichtige Rolle, sowohl was unsere eigene Gef\u00fchlslage aber auch was unsere Wirksamkeit als F\u00fchrungskraft angeht. Wir k\u00f6nnen nur mit dem arbeiten, was wir wahrnehmen, je mehr wir wahrnehmen, je mehr M\u00f6glichkeiten haben wir.<\/p>\n<p>Zwei kleine \u00dcbungsvorschl\u00e4ge runden das Thema ab.<\/p>\n<p>Da auch diese Episode das Zeug hat, den gewohnten Denkrahmen vieler erfolgreicher F\u00fchrungskr\u00e4fte zu sprengen, bin ich wieder sehr an Ihrem Feedback interessiert. Schreiben Sie mir hier Ihre Meinung. Und nat\u00fcrlich freue ich mich \u00fcber eine positive Bewertung von ihnen bei <a href=\"https:\/\/itunes.apple.com\/de\/podcast\/leben-fuhren\/id934512203?l=de\" target=\"_blank\" rel=\"noopener noreferrer\">iTunes<\/a>.<\/p>\n<p>Haben Sie eine gute Zeit<br \/>\nOlaf Dammann<\/p>\n<div class=\"powerpress_player\" id=\"powerpress_player_4798\"><div class=\"fw-wrap-boxed-media fw-wp-audio-shortcode\"><audio class=\"wp-audio-shortcode\" id=\"audio-176-1\" preload=\"none\" style=\"width: 100%;\" controls=\"controls\"><source type=\"audio\/mpeg\" src=\"https:\/\/leben-fuehren.de\/cast\/LF004.mp3?_=1\" \/><a href=\"https:\/\/leben-fuehren.de\/cast\/LF004.mp3\">https:\/\/leben-fuehren.de\/cast\/LF004.mp3<\/a><\/audio><\/div><\/div><p class=\"powerpress_links powerpress_links_mp3\" style=\"margin-bottom: 1px !important;\">Podcast: <a href=\"https:\/\/leben-fuehren.de\/cast\/LF004.mp3\" class=\"powerpress_link_pinw\" target=\"_blank\" title=\"Play in new window\" onclick=\"return powerpress_pinw('https:\/\/leben-fuehren.de\/r3\/?powerpress_pinw=176-podcast');\" rel=\"nofollow\">Play in new window<\/a> | <a href=\"https:\/\/leben-fuehren.de\/cast\/LF004.mp3\" class=\"powerpress_link_d\" title=\"Download\" rel=\"nofollow\" download=\"LF004.mp3\">Download<\/a><\/p>","protected":false},"excerpt":{"rendered":"<p>In dieser Folge werden wir uns \u00fcber Wahrnehmung unterhalten, ich werde erkl\u00e4ren warum ich eine weite Wahrnehmung f\u00fcr absolut wichtig f\u00fcr uns F\u00fchrungskr\u00e4fte halte.<\/p>\n","protected":false},"author":2,"featured_media":2038,"comment_status":"open","ping_status":"closed","sticky":false,"template":"","format":"standard","meta":{"footnotes":""},"categories":[4],"tags":[],"class_list":["post-176","post","type-post","status-publish","format-standard","has-post-thumbnail","hentry","category-podcast"],"_links":{"self":[{"href":"https:\/\/leben-fuehren.de\/r3\/wp-json\/wp\/v2\/posts\/176","targetHints":{"allow":["GET"]}}],"collection":[{"href":"https:\/\/leben-fuehren.de\/r3\/wp-json\/wp\/v2\/posts"}],"about":[{"href":"https:\/\/leben-fuehren.de\/r3\/wp-json\/wp\/v2\/types\/post"}],"author":[{"embeddable":true,"href":"https:\/\/leben-fuehren.de\/r3\/wp-json\/wp\/v2\/users\/2"}],"replies":[{"embeddable":true,"href":"https:\/\/leben-fuehren.de\/r3\/wp-json\/wp\/v2\/comments?post=176"}],"version-history":[{"count":0,"href":"https:\/\/leben-fuehren.de\/r3\/wp-json\/wp\/v2\/posts\/176\/revisions"}],"wp:featuredmedia":[{"embeddable":true,"href":"https:\/\/leben-fuehren.de\/r3\/wp-json\/wp\/v2\/media\/2038"}],"wp:attachment":[{"href":"https:\/\/leben-fuehren.de\/r3\/wp-json\/wp\/v2\/media?parent=176"}],"wp:term":[{"taxonomy":"category","embeddable":true,"href":"https:\/\/leben-fuehren.de\/r3\/wp-json\/wp\/v2\/categories?post=176"},{"taxonomy":"post_tag","embeddable":true,"href":"https:\/\/leben-fuehren.de\/r3\/wp-json\/wp\/v2\/tags?post=176"}],"curies":[{"name":"wp","href":"https:\/\/api.w.org\/{rel}","templated":true}]}}